{"id":3261,"date":"2026-02-13T11:16:02","date_gmt":"2026-02-13T11:16:02","guid":{"rendered":"https:\/\/hotelvillava.com\/enpamplona\/?p=3261"},"modified":"2026-02-13T11:16:04","modified_gmt":"2026-02-13T11:16:04","slug":"menu-del-dia-viernes-13-de-febrero","status":"publish","type":"post","link":"https:\/\/hotelvillava.com\/enpamplona\/menu-del-dia-viernes-13-de-febrero\/","title":{"rendered":"Menu del dia viernes 13 de febrero"},"content":{"rendered":"\n<p>Ensalada de tomate, at\u00fan y cebolla<\/p>\n\n\n\n<p>Ensalada mixta.<\/p>\n\n\n\n<p>Arroz salteado con verduras y presa ib\u00e9rica.<\/p>\n\n\n\n<p>Alubias pintas con berza<\/p>\n\n\n\n<p>Pasta con salsa 4 quesos, bacon, y setas<\/p>\n\n\n\n<p>Alcachofas con champi\u00f1ones y jam\u00f3n<\/p>\n\n\n\n<p>&#8212;&#8212;&#8212;&#8212;&#8211;<\/p>\n\n\n\n<p>Pechuga villeroy con patatas. &nbsp;&nbsp;<\/p>\n\n\n\n<p>Filete de ternera con piquillos.<\/p>\n\n\n\n<p>Codillo asado en su salsa con patatas fritas.<\/p>\n\n\n\n<p>Chuletillas de pavo al ajillo<\/p>\n\n\n\n<p>Brocheta de pollo con verduras<\/p>\n\n\n\n<p>Chuleta de cerdo adobada con patata brava<\/p>\n\n\n\n<p>Perca a la plancha con ensalada verde<\/p>\n\n\n\n<p>Brocheta de sepia y gambas con panaderas y alioli<\/p>\n\n\n\n<hr class=\"wp-block-separator has-alpha-channel-opacity\" \/>\n\n\n\n<p>Tarta de queso.&nbsp; &nbsp;<\/p>\n\n\n\n<p>Tarta tiramis\u00fa.<\/p>\n\n\n\n<p>Vasito Oreo.&nbsp;&nbsp;&nbsp;<\/p>\n\n\n\n<p>Pastel Vasco. &nbsp;<\/p>\n\n\n\n<p>Cremoso de yogur de leche de oveja cerezas<\/p>\n\n\n\n<p>Brownie de chocolate y nueces&nbsp;&nbsp; &nbsp;<\/p>\n\n\n\n<p>Helado<\/p>\n\n\n\n<p>Tarta Sacher<\/p>\n\n\n\n<p>Fruta<\/p>\n\n\n\n<p>Cuajada<\/p>\n","protected":false},"excerpt":{"rendered":"<p>Ensalada de tomate, at\u00fan y cebolla Ensalada mixta. Arroz salteado con verduras y presa ib\u00e9rica. Alubias pintas con berza Pasta con salsa 4 quesos, bacon, y setas Alcachofas con champi\u00f1ones y jam\u00f3n &#8212;&#8212;&#8212;&#8212;&#8211; Pechuga villeroy con patatas. &nbsp;&nbsp; Filete de ternera con piquillos. Codillo asado en su salsa con patatas [&hellip;]<\/p>\n","protected":false},"author":4,"featured_media":0,"comment_status":"open","ping_status":"open","sticky":false,"template":"","format":"standard","meta":{"_exactmetrics_skip_tracking":false,"_exactmetrics_sitenote_active":false,"_exactmetrics_sitenote_note":"","_exactmetrics_sitenote_category":0,"footnotes":""},"categories":[44],"tags":[],"class_list":["post-3261","post","type-post","status-publish","format-standard","hentry","category-sin-categoria-es"],"yoast_head":"<!-- This site is optimized with the Yoast SEO plugin v27.1.1 - https:\/\/yoast.com\/product\/yoast-seo-wordpress\/ -->\n<title>Menu del dia viernes 13 de febrero - Hotel Villava en Pamplona<\/title>\n<meta name=\"robots\" content=\"index, follow, max-snippet:-1, max-image-preview:large, max-video-preview:-1\" \/>\n<link rel=\"canonical\" href=\"https:\/\/hotelvillava.com\/enpamplona\/menu-del-dia-viernes-13-de-febrero\/\" \/>\n<meta property=\"og:locale\" content=\"es_ES\" \/>\n<meta property=\"og:type\" content=\"article\" \/>\n<meta property=\"og:title\" content=\"Menu del dia viernes 13 de febrero - Hotel Villava en Pamplona\" \/>\n<meta property=\"og:description\" content=\"Ensalada de tomate, at\u00fan y cebolla Ensalada mixta. Arroz salteado con verduras y presa ib\u00e9rica. Alubias pintas con berza Pasta con salsa 4 quesos, bacon, y setas Alcachofas con champi\u00f1ones y jam\u00f3n &#8212;&#8212;&#8212;&#8212;&#8211; Pechuga villeroy con patatas. &nbsp;&nbsp; Filete de ternera con piquillos. Codillo asado en su salsa con patatas [&hellip;]\" \/>\n<meta property=\"og:url\" content=\"https:\/\/hotelvillava.com\/enpamplona\/menu-del-dia-viernes-13-de-febrero\/\" \/>\n<meta property=\"og:site_name\" content=\"Hotel Villava en Pamplona\" \/>\n<meta property=\"article:published_time\" content=\"2026-02-13T11:16:02+00:00\" \/>\n<meta property=\"article:modified_time\" content=\"2026-02-13T11:16:04+00:00\" \/>\n<meta name=\"author\" content=\"HOTEL VILLAVA - RESTAURANTE AMATXI .\" \/>\n<meta name=\"twitter:card\" content=\"summary_large_image\" \/>\n<meta name=\"twitter:label1\" content=\"Escrito por\" \/>\n\t<meta name=\"twitter:data1\" content=\"HOTEL VILLAVA - RESTAURANTE AMATXI .\" \/>\n\t<meta name=\"twitter:label2\" content=\"Tiempo de lectura\" \/>\n\t<meta name=\"twitter:data2\" content=\"1 minuto\" \/>\n<script type=\"application\/ld+json\" class=\"yoast-schema-graph\">{\"@context\":\"https:\/\/schema.org\",\"@graph\":[{\"@type\":\"Article\",\"@id\":\"https:\/\/hotelvillava.com\/enpamplona\/menu-del-dia-viernes-13-de-febrero\/#article\",\"isPartOf\":{\"@id\":\"https:\/\/hotelvillava.com\/enpamplona\/menu-del-dia-viernes-13-de-febrero\/\"},\"author\":{\"name\":\"HOTEL VILLAVA - RESTAURANTE AMATXI .\",\"@id\":\"https:\/\/hotelvillava.com\/enpamplona\/#\/schema\/person\/897fcce2820762b4aa86e08ca8f127e5\"},\"headline\":\"Menu del dia viernes 13 de febrero\",\"datePublished\":\"2026-02-13T11:16:02+00:00\",\"dateModified\":\"2026-02-13T11:16:04+00:00\",\"mainEntityOfPage\":{\"@id\":\"https:\/\/hotelvillava.com\/enpamplona\/menu-del-dia-viernes-13-de-febrero\/\"},\"wordCount\":130,\"commentCount\":0,\"publisher\":{\"@id\":\"https:\/\/hotelvillava.com\/enpamplona\/#organization\"},\"inLanguage\":\"es\",\"potentialAction\":[{\"@type\":\"CommentAction\",\"name\":\"Comment\",\"target\":[\"https:\/\/hotelvillava.com\/enpamplona\/menu-del-dia-viernes-13-de-febrero\/#respond\"]}]},{\"@type\":\"WebPage\",\"@id\":\"https:\/\/hotelvillava.com\/enpamplona\/menu-del-dia-viernes-13-de-febrero\/\",\"url\":\"https:\/\/hotelvillava.com\/enpamplona\/menu-del-dia-viernes-13-de-febrero\/\",\"name\":\"Menu del dia viernes 13 de febrero - Hotel Villava en Pamplona\",\"isPartOf\":{\"@id\":\"https:\/\/hotelvillava.com\/enpamplona\/#website\"},\"datePublished\":\"2026-02-13T11:16:02+00:00\",\"dateModified\":\"2026-02-13T11:16:04+00:00\",\"breadcrumb\":{\"@id\":\"https:\/\/hotelvillava.com\/enpamplona\/menu-del-dia-viernes-13-de-febrero\/#breadcrumb\"},\"inLanguage\":\"es\",\"potentialAction\":[{\"@type\":\"ReadAction\",\"target\":[\"https:\/\/hotelvillava.com\/enpamplona\/menu-del-dia-viernes-13-de-febrero\/\"]}]},{\"@type\":\"BreadcrumbList\",\"@id\":\"https:\/\/hotelvillava.com\/enpamplona\/menu-del-dia-viernes-13-de-febrero\/#breadcrumb\",\"itemListElement\":[{\"@type\":\"ListItem\",\"position\":1,\"name\":\"Portada\",\"item\":\"https:\/\/hotelvillava.com\/enpamplona\/\"},{\"@type\":\"ListItem\",\"position\":2,\"name\":\"Menu del dia viernes 13 de febrero\"}]},{\"@type\":\"WebSite\",\"@id\":\"https:\/\/hotelvillava.com\/enpamplona\/#website\",\"url\":\"https:\/\/hotelvillava.com\/enpamplona\/\",\"name\":\"Hotel Villava en Pamplona\",\"description\":\"Hotel familiar a 10 minutos del centro de Pamplona\",\"publisher\":{\"@id\":\"https:\/\/hotelvillava.com\/enpamplona\/#organization\"},\"potentialAction\":[{\"@type\":\"SearchAction\",\"target\":{\"@type\":\"EntryPoint\",\"urlTemplate\":\"https:\/\/hotelvillava.com\/enpamplona\/?s={search_term_string}\"},\"query-input\":{\"@type\":\"PropertyValueSpecification\",\"valueRequired\":true,\"valueName\":\"search_term_string\"}}],\"inLanguage\":\"es\"},{\"@type\":\"Organization\",\"@id\":\"https:\/\/hotelvillava.com\/enpamplona\/#organization\",\"name\":\"Hotel Villava en Pamplona\",\"url\":\"https:\/\/hotelvillava.com\/enpamplona\/\",\"logo\":{\"@type\":\"ImageObject\",\"inLanguage\":\"es\",\"@id\":\"https:\/\/hotelvillava.com\/enpamplona\/#\/schema\/logo\/image\/\",\"url\":\"https:\/\/hotelvillava.com\/enpamplona\/wp-content\/uploads\/2023\/02\/cropped-logo-villava-trans-1.png\",\"contentUrl\":\"https:\/\/hotelvillava.com\/enpamplona\/wp-content\/uploads\/2023\/02\/cropped-logo-villava-trans-1.png\",\"width\":665,\"height\":244,\"caption\":\"Hotel Villava en Pamplona\"},\"image\":{\"@id\":\"https:\/\/hotelvillava.com\/enpamplona\/#\/schema\/logo\/image\/\"}},{\"@type\":\"Person\",\"@id\":\"https:\/\/hotelvillava.com\/enpamplona\/#\/schema\/person\/897fcce2820762b4aa86e08ca8f127e5\",\"name\":\"HOTEL VILLAVA - RESTAURANTE AMATXI .\",\"image\":{\"@type\":\"ImageObject\",\"inLanguage\":\"es\",\"@id\":\"https:\/\/hotelvillava.com\/enpamplona\/#\/schema\/person\/image\/\",\"url\":\"https:\/\/secure.gravatar.com\/avatar\/32ec1f169186a6984e078649a1e298ba0fca3807f700bf31004295f067168bce?s=96&d=mm&r=g\",\"contentUrl\":\"https:\/\/secure.gravatar.com\/avatar\/32ec1f169186a6984e078649a1e298ba0fca3807f700bf31004295f067168bce?s=96&d=mm&r=g\",\"caption\":\"HOTEL VILLAVA - RESTAURANTE AMATXI .\"},\"sameAs\":[\"http:\/\/www.hotelvillava.com\",\"https:\/\/www.instagram.com\/hotelvillavapamplona\/\"],\"url\":\"https:\/\/hotelvillava.com\/enpamplona\/author\/hotel-villava\/\"}]}<\/script>\n<!-- \/ Yoast SEO plugin. -->","yoast_head_json":{"title":"Menu del dia viernes 13 de febrero - Hotel Villava en Pamplona","robots":{"index":"index","follow":"follow","max-snippet":"max-snippet:-1","max-image-preview":"max-image-preview:large","max-video-preview":"max-video-preview:-1"},"canonical":"https:\/\/hotelvillava.com\/enpamplona\/menu-del-dia-viernes-13-de-febrero\/","og_locale":"es_ES","og_type":"article","og_title":"Menu del dia viernes 13 de febrero - Hotel Villava en Pamplona","og_description":"Ensalada de tomate, at\u00fan y cebolla Ensalada mixta. Arroz salteado con verduras y presa ib\u00e9rica. Alubias pintas con berza Pasta con salsa 4 quesos, bacon, y setas Alcachofas con champi\u00f1ones y jam\u00f3n &#8212;&#8212;&#8212;&#8212;&#8211; Pechuga villeroy con patatas. &nbsp;&nbsp; Filete de ternera con piquillos. Codillo asado en su salsa con patatas [&hellip;]","og_url":"https:\/\/hotelvillava.com\/enpamplona\/menu-del-dia-viernes-13-de-febrero\/","og_site_name":"Hotel Villava en Pamplona","article_published_time":"2026-02-13T11:16:02+00:00","article_modified_time":"2026-02-13T11:16:04+00:00","author":"HOTEL VILLAVA - RESTAURANTE AMATXI .","twitter_card":"summary_large_image","twitter_misc":{"Escrito por":"HOTEL VILLAVA - RESTAURANTE AMATXI .","Tiempo de lectura":"1 minuto"},"schema":{"@context":"https:\/\/schema.org","@graph":[{"@type":"Article","@id":"https:\/\/hotelvillava.com\/enpamplona\/menu-del-dia-viernes-13-de-febrero\/#article","isPartOf":{"@id":"https:\/\/hotelvillava.com\/enpamplona\/menu-del-dia-viernes-13-de-febrero\/"},"author":{"name":"HOTEL VILLAVA - RESTAURANTE AMATXI .","@id":"https:\/\/hotelvillava.com\/enpamplona\/#\/schema\/person\/897fcce2820762b4aa86e08ca8f127e5"},"headline":"Menu del dia viernes 13 de febrero","datePublished":"2026-02-13T11:16:02+00:00","dateModified":"2026-02-13T11:16:04+00:00","mainEntityOfPage":{"@id":"https:\/\/hotelvillava.com\/enpamplona\/menu-del-dia-viernes-13-de-febrero\/"},"wordCount":130,"commentCount":0,"publisher":{"@id":"https:\/\/hotelvillava.com\/enpamplona\/#organization"},"inLanguage":"es","potentialAction":[{"@type":"CommentAction","name":"Comment","target":["https:\/\/hotelvillava.com\/enpamplona\/menu-del-dia-viernes-13-de-febrero\/#respond"]}]},{"@type":"WebPage","@id":"https:\/\/hotelvillava.com\/enpamplona\/menu-del-dia-viernes-13-de-febrero\/","url":"https:\/\/hotelvillava.com\/enpamplona\/menu-del-dia-viernes-13-de-febrero\/","name":"Menu del dia viernes 13 de febrero - Hotel Villava en Pamplona","isPartOf":{"@id":"https:\/\/hotelvillava.com\/enpamplona\/#website"},"datePublished":"2026-02-13T11:16:02+00:00","dateModified":"2026-02-13T11:16:04+00:00","breadcrumb":{"@id":"https:\/\/hotelvillava.com\/enpamplona\/menu-del-dia-viernes-13-de-febrero\/#breadcrumb"},"inLanguage":"es","potentialAction":[{"@type":"ReadAction","target":["https:\/\/hotelvillava.com\/enpamplona\/menu-del-dia-viernes-13-de-febrero\/"]}]},{"@type":"BreadcrumbList","@id":"https:\/\/hotelvillava.com\/enpamplona\/menu-del-dia-viernes-13-de-febrero\/#breadcrumb","itemListElement":[{"@type":"ListItem","position":1,"name":"Portada","item":"https:\/\/hotelvillava.com\/enpamplona\/"},{"@type":"ListItem","position":2,"name":"Menu del dia viernes 13 de febrero"}]},{"@type":"WebSite","@id":"https:\/\/hotelvillava.com\/enpamplona\/#website","url":"https:\/\/hotelvillava.com\/enpamplona\/","name":"Hotel Villava en Pamplona","description":"Hotel familiar a 10 minutos del centro de Pamplona","publisher":{"@id":"https:\/\/hotelvillava.com\/enpamplona\/#organization"},"potentialAction":[{"@type":"SearchAction","target":{"@type":"EntryPoint","urlTemplate":"https:\/\/hotelvillava.com\/enpamplona\/?s={search_term_string}"},"query-input":{"@type":"PropertyValueSpecification","valueRequired":true,"valueName":"search_term_string"}}],"inLanguage":"es"},{"@type":"Organization","@id":"https:\/\/hotelvillava.com\/enpamplona\/#organization","name":"Hotel Villava en Pamplona","url":"https:\/\/hotelvillava.com\/enpamplona\/","logo":{"@type":"ImageObject","inLanguage":"es","@id":"https:\/\/hotelvillava.com\/enpamplona\/#\/schema\/logo\/image\/","url":"https:\/\/hotelvillava.com\/enpamplona\/wp-content\/uploads\/2023\/02\/cropped-logo-villava-trans-1.png","contentUrl":"https:\/\/hotelvillava.com\/enpamplona\/wp-content\/uploads\/2023\/02\/cropped-logo-villava-trans-1.png","width":665,"height":244,"caption":"Hotel Villava en Pamplona"},"image":{"@id":"https:\/\/hotelvillava.com\/enpamplona\/#\/schema\/logo\/image\/"}},{"@type":"Person","@id":"https:\/\/hotelvillava.com\/enpamplona\/#\/schema\/person\/897fcce2820762b4aa86e08ca8f127e5","name":"HOTEL VILLAVA - RESTAURANTE AMATXI .","image":{"@type":"ImageObject","inLanguage":"es","@id":"https:\/\/hotelvillava.com\/enpamplona\/#\/schema\/person\/image\/","url":"https:\/\/secure.gravatar.com\/avatar\/32ec1f169186a6984e078649a1e298ba0fca3807f700bf31004295f067168bce?s=96&d=mm&r=g","contentUrl":"https:\/\/secure.gravatar.com\/avatar\/32ec1f169186a6984e078649a1e298ba0fca3807f700bf31004295f067168bce?s=96&d=mm&r=g","caption":"HOTEL VILLAVA - RESTAURANTE AMATXI ."},"sameAs":["http:\/\/www.hotelvillava.com","https:\/\/www.instagram.com\/hotelvillavapamplona\/"],"url":"https:\/\/hotelvillava.com\/enpamplona\/author\/hotel-villava\/"}]}},"_links":{"self":[{"href":"https:\/\/hotelvillava.com\/enpamplona\/wp-json\/wp\/v2\/posts\/3261","targetHints":{"allow":["GET"]}}],"collection":[{"href":"https:\/\/hotelvillava.com\/enpamplona\/wp-json\/wp\/v2\/posts"}],"about":[{"href":"https:\/\/hotelvillava.com\/enpamplona\/wp-json\/wp\/v2\/types\/post"}],"author":[{"embeddable":true,"href":"https:\/\/hotelvillava.com\/enpamplona\/wp-json\/wp\/v2\/users\/4"}],"replies":[{"embeddable":true,"href":"https:\/\/hotelvillava.com\/enpamplona\/wp-json\/wp\/v2\/comments?post=3261"}],"version-history":[{"count":1,"href":"https:\/\/hotelvillava.com\/enpamplona\/wp-json\/wp\/v2\/posts\/3261\/revisions"}],"predecessor-version":[{"id":3262,"href":"https:\/\/hotelvillava.com\/enpamplona\/wp-json\/wp\/v2\/posts\/3261\/revisions\/3262"}],"wp:attachment":[{"href":"https:\/\/hotelvillava.com\/enpamplona\/wp-json\/wp\/v2\/media?parent=3261"}],"wp:term":[{"taxonomy":"category","embeddable":true,"href":"https:\/\/hotelvillava.com\/enpamplona\/wp-json\/wp\/v2\/categories?post=3261"},{"taxonomy":"post_tag","embeddable":true,"href":"https:\/\/hotelvillava.com\/enpamplona\/wp-json\/wp\/v2\/tags?post=3261"}],"curies":[{"name":"wp","href":"https:\/\/api.w.org\/{rel}","templated":true}]}}