{"id":3184,"date":"2026-01-15T10:55:35","date_gmt":"2026-01-15T10:55:35","guid":{"rendered":"https:\/\/hotelvillava.com\/enpamplona\/?p=3184"},"modified":"2026-01-15T10:55:58","modified_gmt":"2026-01-15T10:55:58","slug":"menu-del-dia-2","status":"publish","type":"post","link":"https:\/\/hotelvillava.com\/enpamplona\/menu-del-dia-2\/","title":{"rendered":"Menu del dia"},"content":{"rendered":"\n<p>Ensalada mixta.<\/p>\n\n\n\n<p>Ensalada de tomate, at\u00fan, cebolla y anchoas.<\/p>\n\n\n\n<p>Tallarines a los 4 quesos.<\/p>\n\n\n\n<p>Arroz con verdura y carne.<\/p>\n\n\n\n<p>Purrusalda con jam\u00f3n ib\u00e9rico.<\/p>\n\n\n\n<p>Alubias blancas con chistorra.<\/p>\n\n\n\n<p>Alcachofas con jam\u00f3n.<\/p>\n\n\n\n<p>Sopa de pescado.<\/p>\n\n\n\n<hr class=\"wp-block-separator has-alpha-channel-opacity\" \/>\n\n\n\n<p>Churrasco de ternera a la plancha con chimichurri.<\/p>\n\n\n\n<p>Chuletillas de cordero con patata fritas.<\/p>\n\n\n\n<p>Lomo a la riojana<\/p>\n\n\n\n<p>Pechugas villaroy con salsa roquefort.<\/p>\n\n\n\n<p>At\u00fan a la plancha con piperrada.<\/p>\n\n\n\n<p>Merluza rebozada con padrones.<\/p>\n\n\n\n<p>Ajoarriero.<\/p>\n\n\n\n<p>Alitas de pato en confit.<\/p>\n\n\n\n<hr class=\"wp-block-separator has-alpha-channel-opacity\" \/>\n\n\n\n<p>Crema de yogurt &nbsp;con sirope.<\/p>\n\n\n\n<p>Tarta de galleta Mar\u00eda.<\/p>\n\n\n\n<p>Cuajada kiskilurrin.&nbsp;<\/p>\n\n\n\n<p>Natillas.<\/p>\n\n\n\n<p>Cremoso de queso con galleta.<\/p>\n\n\n\n<p>Flan de coco.<\/p>\n\n\n\n<p>Tarta sacher.<\/p>\n\n\n\n<p>Fruta.<\/p>\n\n\n\n<p>Yogurt.<\/p>\n","protected":false},"excerpt":{"rendered":"<p>Ensalada mixta. Ensalada de tomate, at\u00fan, cebolla y anchoas. Tallarines a los 4 quesos. Arroz con verdura y carne. Purrusalda con jam\u00f3n ib\u00e9rico. Alubias blancas con chistorra. Alcachofas con jam\u00f3n. Sopa de pescado. Churrasco de ternera a la plancha con chimichurri. Chuletillas de cordero con patata fritas. Lomo a la [&hellip;]<\/p>\n","protected":false},"author":4,"featured_media":0,"comment_status":"open","ping_status":"open","sticky":false,"template":"","format":"standard","meta":{"_exactmetrics_skip_tracking":false,"_exactmetrics_sitenote_active":false,"_exactmetrics_sitenote_note":"","_exactmetrics_sitenote_category":0,"footnotes":""},"categories":[44],"tags":[],"class_list":["post-3184","post","type-post","status-publish","format-standard","hentry","category-sin-categoria-es"],"yoast_head":"<!-- This site is optimized with the Yoast SEO plugin v27.1.1 - https:\/\/yoast.com\/product\/yoast-seo-wordpress\/ -->\n<title>Menu del dia - Hotel Villava en Pamplona<\/title>\n<meta name=\"robots\" content=\"index, follow, max-snippet:-1, max-image-preview:large, max-video-preview:-1\" \/>\n<link rel=\"canonical\" href=\"https:\/\/hotelvillava.com\/enpamplona\/menu-del-dia-2\/\" \/>\n<meta property=\"og:locale\" content=\"es_ES\" \/>\n<meta property=\"og:type\" content=\"article\" \/>\n<meta property=\"og:title\" content=\"Menu del dia - Hotel Villava en Pamplona\" \/>\n<meta property=\"og:description\" content=\"Ensalada mixta. Ensalada de tomate, at\u00fan, cebolla y anchoas. Tallarines a los 4 quesos. Arroz con verdura y carne. Purrusalda con jam\u00f3n ib\u00e9rico. Alubias blancas con chistorra. Alcachofas con jam\u00f3n. Sopa de pescado. Churrasco de ternera a la plancha con chimichurri. Chuletillas de cordero con patata fritas. Lomo a la [&hellip;]\" \/>\n<meta property=\"og:url\" content=\"https:\/\/hotelvillava.com\/enpamplona\/menu-del-dia-2\/\" \/>\n<meta property=\"og:site_name\" content=\"Hotel Villava en Pamplona\" \/>\n<meta property=\"article:published_time\" content=\"2026-01-15T10:55:35+00:00\" \/>\n<meta property=\"article:modified_time\" content=\"2026-01-15T10:55:58+00:00\" \/>\n<meta name=\"author\" content=\"HOTEL VILLAVA - RESTAURANTE AMATXI .\" \/>\n<meta name=\"twitter:card\" content=\"summary_large_image\" \/>\n<meta name=\"twitter:label1\" content=\"Escrito por\" \/>\n\t<meta name=\"twitter:data1\" content=\"HOTEL VILLAVA - RESTAURANTE AMATXI .\" \/>\n\t<meta name=\"twitter:label2\" content=\"Tiempo de lectura\" \/>\n\t<meta name=\"twitter:data2\" content=\"1 minuto\" \/>\n<script type=\"application\/ld+json\" class=\"yoast-schema-graph\">{\"@context\":\"https:\/\/schema.org\",\"@graph\":[{\"@type\":\"Article\",\"@id\":\"https:\/\/hotelvillava.com\/enpamplona\/menu-del-dia-2\/#article\",\"isPartOf\":{\"@id\":\"https:\/\/hotelvillava.com\/enpamplona\/menu-del-dia-2\/\"},\"author\":{\"name\":\"HOTEL VILLAVA - RESTAURANTE AMATXI .\",\"@id\":\"https:\/\/hotelvillava.com\/enpamplona\/#\/schema\/person\/897fcce2820762b4aa86e08ca8f127e5\"},\"headline\":\"Menu del dia\",\"datePublished\":\"2026-01-15T10:55:35+00:00\",\"dateModified\":\"2026-01-15T10:55:58+00:00\",\"mainEntityOfPage\":{\"@id\":\"https:\/\/hotelvillava.com\/enpamplona\/menu-del-dia-2\/\"},\"wordCount\":106,\"commentCount\":0,\"publisher\":{\"@id\":\"https:\/\/hotelvillava.com\/enpamplona\/#organization\"},\"inLanguage\":\"es\",\"potentialAction\":[{\"@type\":\"CommentAction\",\"name\":\"Comment\",\"target\":[\"https:\/\/hotelvillava.com\/enpamplona\/menu-del-dia-2\/#respond\"]}]},{\"@type\":\"WebPage\",\"@id\":\"https:\/\/hotelvillava.com\/enpamplona\/menu-del-dia-2\/\",\"url\":\"https:\/\/hotelvillava.com\/enpamplona\/menu-del-dia-2\/\",\"name\":\"Menu del dia - Hotel Villava en Pamplona\",\"isPartOf\":{\"@id\":\"https:\/\/hotelvillava.com\/enpamplona\/#website\"},\"datePublished\":\"2026-01-15T10:55:35+00:00\",\"dateModified\":\"2026-01-15T10:55:58+00:00\",\"breadcrumb\":{\"@id\":\"https:\/\/hotelvillava.com\/enpamplona\/menu-del-dia-2\/#breadcrumb\"},\"inLanguage\":\"es\",\"potentialAction\":[{\"@type\":\"ReadAction\",\"target\":[\"https:\/\/hotelvillava.com\/enpamplona\/menu-del-dia-2\/\"]}]},{\"@type\":\"BreadcrumbList\",\"@id\":\"https:\/\/hotelvillava.com\/enpamplona\/menu-del-dia-2\/#breadcrumb\",\"itemListElement\":[{\"@type\":\"ListItem\",\"position\":1,\"name\":\"Portada\",\"item\":\"https:\/\/hotelvillava.com\/enpamplona\/\"},{\"@type\":\"ListItem\",\"position\":2,\"name\":\"Menu del dia\"}]},{\"@type\":\"WebSite\",\"@id\":\"https:\/\/hotelvillava.com\/enpamplona\/#website\",\"url\":\"https:\/\/hotelvillava.com\/enpamplona\/\",\"name\":\"Hotel Villava en Pamplona\",\"description\":\"Hotel familiar a 10 minutos del centro de Pamplona\",\"publisher\":{\"@id\":\"https:\/\/hotelvillava.com\/enpamplona\/#organization\"},\"potentialAction\":[{\"@type\":\"SearchAction\",\"target\":{\"@type\":\"EntryPoint\",\"urlTemplate\":\"https:\/\/hotelvillava.com\/enpamplona\/?s={search_term_string}\"},\"query-input\":{\"@type\":\"PropertyValueSpecification\",\"valueRequired\":true,\"valueName\":\"search_term_string\"}}],\"inLanguage\":\"es\"},{\"@type\":\"Organization\",\"@id\":\"https:\/\/hotelvillava.com\/enpamplona\/#organization\",\"name\":\"Hotel Villava en Pamplona\",\"url\":\"https:\/\/hotelvillava.com\/enpamplona\/\",\"logo\":{\"@type\":\"ImageObject\",\"inLanguage\":\"es\",\"@id\":\"https:\/\/hotelvillava.com\/enpamplona\/#\/schema\/logo\/image\/\",\"url\":\"https:\/\/hotelvillava.com\/enpamplona\/wp-content\/uploads\/2023\/02\/cropped-logo-villava-trans-1.png\",\"contentUrl\":\"https:\/\/hotelvillava.com\/enpamplona\/wp-content\/uploads\/2023\/02\/cropped-logo-villava-trans-1.png\",\"width\":665,\"height\":244,\"caption\":\"Hotel Villava en Pamplona\"},\"image\":{\"@id\":\"https:\/\/hotelvillava.com\/enpamplona\/#\/schema\/logo\/image\/\"}},{\"@type\":\"Person\",\"@id\":\"https:\/\/hotelvillava.com\/enpamplona\/#\/schema\/person\/897fcce2820762b4aa86e08ca8f127e5\",\"name\":\"HOTEL VILLAVA - RESTAURANTE AMATXI .\",\"image\":{\"@type\":\"ImageObject\",\"inLanguage\":\"es\",\"@id\":\"https:\/\/hotelvillava.com\/enpamplona\/#\/schema\/person\/image\/\",\"url\":\"https:\/\/secure.gravatar.com\/avatar\/32ec1f169186a6984e078649a1e298ba0fca3807f700bf31004295f067168bce?s=96&d=mm&r=g\",\"contentUrl\":\"https:\/\/secure.gravatar.com\/avatar\/32ec1f169186a6984e078649a1e298ba0fca3807f700bf31004295f067168bce?s=96&d=mm&r=g\",\"caption\":\"HOTEL VILLAVA - RESTAURANTE AMATXI .\"},\"sameAs\":[\"http:\/\/www.hotelvillava.com\",\"https:\/\/www.instagram.com\/hotelvillavapamplona\/\"],\"url\":\"https:\/\/hotelvillava.com\/enpamplona\/author\/hotel-villava\/\"}]}<\/script>\n<!-- \/ Yoast SEO plugin. -->","yoast_head_json":{"title":"Menu del dia - Hotel Villava en Pamplona","robots":{"index":"index","follow":"follow","max-snippet":"max-snippet:-1","max-image-preview":"max-image-preview:large","max-video-preview":"max-video-preview:-1"},"canonical":"https:\/\/hotelvillava.com\/enpamplona\/menu-del-dia-2\/","og_locale":"es_ES","og_type":"article","og_title":"Menu del dia - Hotel Villava en Pamplona","og_description":"Ensalada mixta. Ensalada de tomate, at\u00fan, cebolla y anchoas. Tallarines a los 4 quesos. Arroz con verdura y carne. Purrusalda con jam\u00f3n ib\u00e9rico. Alubias blancas con chistorra. Alcachofas con jam\u00f3n. Sopa de pescado. Churrasco de ternera a la plancha con chimichurri. Chuletillas de cordero con patata fritas. Lomo a la [&hellip;]","og_url":"https:\/\/hotelvillava.com\/enpamplona\/menu-del-dia-2\/","og_site_name":"Hotel Villava en Pamplona","article_published_time":"2026-01-15T10:55:35+00:00","article_modified_time":"2026-01-15T10:55:58+00:00","author":"HOTEL VILLAVA - RESTAURANTE AMATXI .","twitter_card":"summary_large_image","twitter_misc":{"Escrito por":"HOTEL VILLAVA - RESTAURANTE AMATXI .","Tiempo de lectura":"1 minuto"},"schema":{"@context":"https:\/\/schema.org","@graph":[{"@type":"Article","@id":"https:\/\/hotelvillava.com\/enpamplona\/menu-del-dia-2\/#article","isPartOf":{"@id":"https:\/\/hotelvillava.com\/enpamplona\/menu-del-dia-2\/"},"author":{"name":"HOTEL VILLAVA - RESTAURANTE AMATXI .","@id":"https:\/\/hotelvillava.com\/enpamplona\/#\/schema\/person\/897fcce2820762b4aa86e08ca8f127e5"},"headline":"Menu del dia","datePublished":"2026-01-15T10:55:35+00:00","dateModified":"2026-01-15T10:55:58+00:00","mainEntityOfPage":{"@id":"https:\/\/hotelvillava.com\/enpamplona\/menu-del-dia-2\/"},"wordCount":106,"commentCount":0,"publisher":{"@id":"https:\/\/hotelvillava.com\/enpamplona\/#organization"},"inLanguage":"es","potentialAction":[{"@type":"CommentAction","name":"Comment","target":["https:\/\/hotelvillava.com\/enpamplona\/menu-del-dia-2\/#respond"]}]},{"@type":"WebPage","@id":"https:\/\/hotelvillava.com\/enpamplona\/menu-del-dia-2\/","url":"https:\/\/hotelvillava.com\/enpamplona\/menu-del-dia-2\/","name":"Menu del dia - Hotel Villava en Pamplona","isPartOf":{"@id":"https:\/\/hotelvillava.com\/enpamplona\/#website"},"datePublished":"2026-01-15T10:55:35+00:00","dateModified":"2026-01-15T10:55:58+00:00","breadcrumb":{"@id":"https:\/\/hotelvillava.com\/enpamplona\/menu-del-dia-2\/#breadcrumb"},"inLanguage":"es","potentialAction":[{"@type":"ReadAction","target":["https:\/\/hotelvillava.com\/enpamplona\/menu-del-dia-2\/"]}]},{"@type":"BreadcrumbList","@id":"https:\/\/hotelvillava.com\/enpamplona\/menu-del-dia-2\/#breadcrumb","itemListElement":[{"@type":"ListItem","position":1,"name":"Portada","item":"https:\/\/hotelvillava.com\/enpamplona\/"},{"@type":"ListItem","position":2,"name":"Menu del dia"}]},{"@type":"WebSite","@id":"https:\/\/hotelvillava.com\/enpamplona\/#website","url":"https:\/\/hotelvillava.com\/enpamplona\/","name":"Hotel Villava en Pamplona","description":"Hotel familiar a 10 minutos del centro de Pamplona","publisher":{"@id":"https:\/\/hotelvillava.com\/enpamplona\/#organization"},"potentialAction":[{"@type":"SearchAction","target":{"@type":"EntryPoint","urlTemplate":"https:\/\/hotelvillava.com\/enpamplona\/?s={search_term_string}"},"query-input":{"@type":"PropertyValueSpecification","valueRequired":true,"valueName":"search_term_string"}}],"inLanguage":"es"},{"@type":"Organization","@id":"https:\/\/hotelvillava.com\/enpamplona\/#organization","name":"Hotel Villava en Pamplona","url":"https:\/\/hotelvillava.com\/enpamplona\/","logo":{"@type":"ImageObject","inLanguage":"es","@id":"https:\/\/hotelvillava.com\/enpamplona\/#\/schema\/logo\/image\/","url":"https:\/\/hotelvillava.com\/enpamplona\/wp-content\/uploads\/2023\/02\/cropped-logo-villava-trans-1.png","contentUrl":"https:\/\/hotelvillava.com\/enpamplona\/wp-content\/uploads\/2023\/02\/cropped-logo-villava-trans-1.png","width":665,"height":244,"caption":"Hotel Villava en Pamplona"},"image":{"@id":"https:\/\/hotelvillava.com\/enpamplona\/#\/schema\/logo\/image\/"}},{"@type":"Person","@id":"https:\/\/hotelvillava.com\/enpamplona\/#\/schema\/person\/897fcce2820762b4aa86e08ca8f127e5","name":"HOTEL VILLAVA - RESTAURANTE AMATXI .","image":{"@type":"ImageObject","inLanguage":"es","@id":"https:\/\/hotelvillava.com\/enpamplona\/#\/schema\/person\/image\/","url":"https:\/\/secure.gravatar.com\/avatar\/32ec1f169186a6984e078649a1e298ba0fca3807f700bf31004295f067168bce?s=96&d=mm&r=g","contentUrl":"https:\/\/secure.gravatar.com\/avatar\/32ec1f169186a6984e078649a1e298ba0fca3807f700bf31004295f067168bce?s=96&d=mm&r=g","caption":"HOTEL VILLAVA - RESTAURANTE AMATXI ."},"sameAs":["http:\/\/www.hotelvillava.com","https:\/\/www.instagram.com\/hotelvillavapamplona\/"],"url":"https:\/\/hotelvillava.com\/enpamplona\/author\/hotel-villava\/"}]}},"_links":{"self":[{"href":"https:\/\/hotelvillava.com\/enpamplona\/wp-json\/wp\/v2\/posts\/3184","targetHints":{"allow":["GET"]}}],"collection":[{"href":"https:\/\/hotelvillava.com\/enpamplona\/wp-json\/wp\/v2\/posts"}],"about":[{"href":"https:\/\/hotelvillava.com\/enpamplona\/wp-json\/wp\/v2\/types\/post"}],"author":[{"embeddable":true,"href":"https:\/\/hotelvillava.com\/enpamplona\/wp-json\/wp\/v2\/users\/4"}],"replies":[{"embeddable":true,"href":"https:\/\/hotelvillava.com\/enpamplona\/wp-json\/wp\/v2\/comments?post=3184"}],"version-history":[{"count":1,"href":"https:\/\/hotelvillava.com\/enpamplona\/wp-json\/wp\/v2\/posts\/3184\/revisions"}],"predecessor-version":[{"id":3185,"href":"https:\/\/hotelvillava.com\/enpamplona\/wp-json\/wp\/v2\/posts\/3184\/revisions\/3185"}],"wp:attachment":[{"href":"https:\/\/hotelvillava.com\/enpamplona\/wp-json\/wp\/v2\/media?parent=3184"}],"wp:term":[{"taxonomy":"category","embeddable":true,"href":"https:\/\/hotelvillava.com\/enpamplona\/wp-json\/wp\/v2\/categories?post=3184"},{"taxonomy":"post_tag","embeddable":true,"href":"https:\/\/hotelvillava.com\/enpamplona\/wp-json\/wp\/v2\/tags?post=3184"}],"curies":[{"name":"wp","href":"https:\/\/api.w.org\/{rel}","templated":true}]}}